{"id":453,"date":"2012-04-24T02:38:33","date_gmt":"2012-04-24T05:38:33","guid":{"rendered":"http:\/\/www.michaellourant.com.br\/?p=453"},"modified":"2018-12-03T19:57:39","modified_gmt":"2018-12-03T22:57:39","slug":"cartinha-ao-sr-governador-do-df","status":"publish","type":"post","link":"https:\/\/michaellourant.com.br\/index.php\/2012\/04\/24\/cartinha-ao-sr-governador-do-df\/","title":{"rendered":"Cartinha ao Sr. Governador do DF"},"content":{"rendered":"<div id=\"attachment_941\" style=\"width: 160px\" class=\"wp-caption alignright\"><img loading=\"lazy\" decoding=\"async\" aria-describedby=\"caption-attachment-941\" class=\"wp-image-941 size-thumbnail\" src=\"http:\/\/www.michaellourant.com.br\/wp-content\/uploads\/2012\/04\/Agnelo_Impaciente1-150x150.jpg\" alt=\"Agnelo NOT SO HAPPY\" width=\"150\" height=\"150\" \/><p id=\"caption-attachment-941\" class=\"wp-caption-text\">Agnelo Queiroz<\/p><\/div>\n<p style=\"text-align: justify;\">Querido governador lindo,<\/p>\n<p style=\"text-align: justify;\">Eu sei que sua agenda de compromissos sociais tem atrapalhado bastante o cumprimento do cronograma de governo prometido durante as elei\u00e7\u00f5es. Eu tamb\u00e9m entendo que conseguir adiar uma CPI sobre grampos deve ter tomado muito do seu precioso tempo.<\/p>\n<p style=\"text-align: justify;\">Portanto quando o senhor conseguir ficar mais atuante em seu governo eu gostaria de pedir pro senhor n\u00e3o esquecer de retomar o cronograma de governo e cumprir as promessas que o senhor fez durante as elei\u00e7\u00f5es.<\/p>\n<p style=\"text-align: justify;\">Eu votei no senhor, bem como alguns poucos l\u00facidos conhecidos meus, e acho de verdade que voc\u00ea \u00e9 capaz de fazer um governo melhor do que os anteriores. Pelo menos quero continuar crendo nisso, porque gosto de acreditar nas pessoas de bem. Gosto de verdade e \u00e9 exatamente por isso que eu vou dar esses toques p&#8217;ro senhor:<\/p>\n<ul>\n<li>Evite andar menos de carro pelas estradas do DF! Use seus outros meios de transporte, tipo helic\u00f3ptero, iatezinho e tal. As estradas est\u00e3o horr\u00edveis e os carros est\u00e3o estragando em cada buraco que mal d\u00e1 pra acreditar que aqui \u00e9 a Capital Federal.<\/li>\n<li>Tente fazer um esfor\u00e7o para matricular seus filhos nas escolas particulares. Essa greve pode acabar frustando os planos para suas f\u00e9rias de fim de ano, \u00e9 s\u00e9rio.<\/li>\n<li>Evite tamb\u00e9m vir ao trabalho de manh\u00e3 nos hor\u00e1rios de pico, pois o tr\u00e2nsito est\u00e1 bem centralizado. Todo mundo vai trabalhar praticamente no mesmo lugar, o tr\u00e2nsito n\u00e3o est\u00e1 fluindo muito e n\u00e3o h\u00e1 mais tantas vagas nos estacionamentos p\u00fablicos.<\/li>\n<li>Tente pegar uma carona ou utilize o transporte p\u00fablico quando tiver que chegar mais cedo ao trabalho. E se for de ba\u00fa (nome carinhoso que se refere \u00e0 idade dos \u00f4nibus) saia cedo pra n\u00e3o correr o risco de chegar atrasado devido \u00e0 manuten\u00e7\u00e3o dos \u00f4nibus. \u00c9 muito comum eles quebrarem por a\u00ed.<\/li>\n<\/ul>\n<p style=\"text-align: justify;\">Enfim governador. Eu vou continuar esperando pelo senhor. N\u00e3o esque\u00e7a de dar um toque quando o senhor puder retornar \u00e0s suas atividades normais. A gente vai gostar de ver cessarem aquelas piadas de mau gosto justific\u00e1veis que fazem comparando o senhor \u00e0queles outros mo\u00e7os que estiveram no seu lugar.<\/p>\n<p style=\"text-align: justify;\">Queria mesmo que o senhor tentasse observar alguns pontos que eu mencionei aqui pois assim o senhor acaba ajudando a gente tamb\u00e9m.<\/p>\n<p style=\"text-align: justify;\">Ah, n\u00e3o se esque\u00e7a de se agasalhar bem pois o inverno t\u00e1 chegando a\u00ea e o senhor deve ter notado que o sistema p\u00fablico de sa\u00fade anda com francas dificuldades em atender a demanda da popula\u00e7\u00e3o. Eu sei que o senhor n\u00e3o iria recorrer ao HB-DF, mas os hospitais particulares andam com umas pr\u00e1ticas meio esquisitas tamb\u00e9m.<\/p>\n<p style=\"text-align: justify;\">Obrigado.<\/p>\n<p style=\"text-align: justify;\">\ud83d\ude42<\/p>\n<p style=\"text-align: justify;\">Ass: Todos n\u00f3s que acreditamos que as coisas por aqui podem mudar.<\/p>\n<p style=\"text-align: justify;\">PS.: Sem querer pedir muito, se puder incentivar sua equipe a trabalhar mais tamb\u00e9m pode ser que isso tire algum peso dos seus ombros.<\/p>\n","protected":false},"excerpt":{"rendered":"<p>Querido governador lindo, Eu sei que sua agenda de compromissos sociais tem atrapalhado bastante o cumprimento do cronograma de governo prometido durante as elei\u00e7\u00f5es. Eu tamb\u00e9m entendo que conseguir adiar uma CPI sobre grampos deve ter tomado muito do seu precioso tempo. Portanto quando o senhor conseguir ficar mais atuante em seu governo eu gostaria [&hellip;]<\/p>\n","protected":false},"author":2,"featured_media":0,"comment_status":"open","ping_status":"closed","sticky":false,"template":"","format":"standard","meta":{"_jetpack_memberships_contains_paid_content":false,"footnotes":""},"categories":[24,18],"tags":[],"class_list":["post-453","post","type-post","status-publish","format-standard","hentry","category-cronica","category-opiniao"],"jetpack_featured_media_url":"","jetpack_sharing_enabled":true,"_links":{"self":[{"href":"https:\/\/michaellourant.com.br\/index.php\/wp-json\/wp\/v2\/posts\/453","targetHints":{"allow":["GET"]}}],"collection":[{"href":"https:\/\/michaellourant.com.br\/index.php\/wp-json\/wp\/v2\/posts"}],"about":[{"href":"https:\/\/michaellourant.com.br\/index.php\/wp-json\/wp\/v2\/types\/post"}],"author":[{"embeddable":true,"href":"https:\/\/michaellourant.com.br\/index.php\/wp-json\/wp\/v2\/users\/2"}],"replies":[{"embeddable":true,"href":"https:\/\/michaellourant.com.br\/index.php\/wp-json\/wp\/v2\/comments?post=453"}],"version-history":[{"count":19,"href":"https:\/\/michaellourant.com.br\/index.php\/wp-json\/wp\/v2\/posts\/453\/revisions"}],"predecessor-version":[{"id":942,"href":"https:\/\/michaellourant.com.br\/index.php\/wp-json\/wp\/v2\/posts\/453\/revisions\/942"}],"wp:attachment":[{"href":"https:\/\/michaellourant.com.br\/index.php\/wp-json\/wp\/v2\/media?parent=453"}],"wp:term":[{"taxonomy":"category","embeddable":true,"href":"https:\/\/michaellourant.com.br\/index.php\/wp-json\/wp\/v2\/categories?post=453"},{"taxonomy":"post_tag","embeddable":true,"href":"https:\/\/michaellourant.com.br\/index.php\/wp-json\/wp\/v2\/tags?post=453"}],"curies":[{"name":"wp","href":"https:\/\/api.w.org\/{rel}","templated":true}]}}