{"id":843,"date":"2016-05-20T02:26:10","date_gmt":"2016-05-20T05:26:10","guid":{"rendered":"http:\/\/www.michaellourant.com.br\/?p=843"},"modified":"2016-07-15T14:05:12","modified_gmt":"2016-07-15T17:05:12","slug":"merendas-e-sp-voce-tem-fome-de-que","status":"publish","type":"post","link":"https:\/\/michaellourant.com.br\/index.php\/2016\/05\/20\/merendas-e-sp-voce-tem-fome-de-que\/","title":{"rendered":"Merendas e SP \u2014 Voc\u00ea tem fome de qu\u00ea?"},"content":{"rendered":"<p>Assista antes de ler:&nbsp;<a href=\"http:\/\/bit.ly\/OGostodaMerenda\">O Gosto da Merenda (Revista Trip)<\/a><\/p>\n<p>Eu sempre estudei em escola p\u00fablica. Tenho muito orgulho de ter tido os melhores professores que um filho de m\u00e3e solteira, sem grandes posses materiais poderia ter.<\/p>\n<p>Diferentemente de muitos colegas com quem estudava nunca precisei verdadeiramente das refei\u00e7\u00f5es que eram servidas que pra muitos seria uma das poucas do dia.Mas guardo com muita nostalgia a lembran\u00e7a do prazer gastron\u00f4mico daquelas refei\u00e7\u00f5es simpl\u00f3rias que eram preparadas com tanto gosto pelas tias da cantina.<\/p>\n<p>Cabe aqui relatar uma ocasi\u00e3o em que eu, j\u00e1 marmanjo, fui buscar na extinta Escola Normal de Bras\u00edla as minhas primas Caroline e B\u00e1rbara.<\/p>\n<p>Enquanto as aguardava no p\u00e1tio, senti aquele aroma maravilhoso de feij\u00e3o tropeiro vindo da cantina ali perto. Cheguei ao balc\u00e3o com meu jeito prosa e logo falei pra tia que aquele aroma me remetera a um passado muito apraz\u00edvel. Perguntei a ela se podia me servir um bocadinho daquela iguaria.<\/p>\n<p>\u2014 <i>Mas \u00e9 claro, meu filho! Pegue quanto voc\u00ea quiser. Toma aqui um pratinho, um talher e sirva-se \u00e0 vontade<\/i>. \u2014 Quanta ternura, meu!<\/p>\n<p>Lembro-me claramente de abocanhar a primeira colherada \u2014 quem esquece daquelas toscas colheres azuis de pl\u00e1stico? \u2014 e viver ali um flashback hollywoodiano repleto das melhores descargas sensoriais. N\u00e3o me envergonho de dizer que meus olhos marejaram. Fechei-os por um instante j\u00e1 com a segunda colherada na boca.<\/p>\n<p><a href=\"http:\/\/www.michaellourant.com.br\/wp-content\/uploads\/2016\/05\/img_2630.jpg\"><img loading=\"lazy\" decoding=\"async\" width=\"517\" height=\"360\" alt=\"Merendas\" src=\"http:\/\/www.michaellourant.com.br\/wp-content\/uploads\/2016\/05\/img_2630.jpg\" title=\"Merenda\" class=\"alignleft size-medium wp-image-842\" srcset=\"https:\/\/michaellourant.com.br\/wp-content\/uploads\/2016\/05\/img_2630.jpg 1024w, https:\/\/michaellourant.com.br\/wp-content\/uploads\/2016\/05\/img_2630-300x209.jpg 300w, https:\/\/michaellourant.com.br\/wp-content\/uploads\/2016\/05\/img_2630-768x535.jpg 768w, https:\/\/michaellourant.com.br\/wp-content\/uploads\/2016\/05\/img_2630-624x434.jpg 624w\" sizes=\"auto, (max-width: 517px) 100vw, 517px\" \/><\/a>Quando minhas primas, pequenas ainda, cerca de 9 anos, sa\u00edram e me viram terminando a &#8220;merenda&#8221; deram risadas de mim sem entender o que tinha rolado ali. Eram outros tempos em nossa fam\u00edlia. Elas jamais entenderiam. [risos]<\/p>\n<p>Essa historinha torna o epis\u00f3dio das merendas de SP ainda mais revoltante pra mim. Essa doen\u00e7a terminal que s\u00e3o esses filhos de chocadeira desses pol\u00edticos, empres\u00e1rios e que assola o poder p\u00fablico precarizando quaisquer pr\u00e9stimos estatais causa uma repulsa muito violenta a cidad\u00e3os que relativizam os impactos desses atos.<\/p>\n<p>\u00c9 como um puta soco no est\u00f4mago essa sanha hip\u00f3crita de distorcer a perspectiva sobre os problemas mais urgentes de solu\u00e7\u00e3o no pa\u00eds, que p\u00f5em em segundo, terceiro planos pol\u00edticas que garantiriam condi\u00e7\u00f5es m\u00ednimas de dignidade e sobreviv\u00eancia aos desvalidos dos guetos e metr\u00f3poles tupiniquins.<br \/>\nHonestamente falando, falta muita seriedade nos segmentos mais estrat\u00e9gicos do poder p\u00fablico. Nos tr\u00eas poderes, nas tr\u00eas esferas falta a determina\u00e7\u00e3o das pessoas de bem em chamar pra briga, se necess\u00e1rio, enfiar os p\u00e9s na bunda de gente que n\u00e3o agrega valor e est\u00e1 ali apenas pela famigerada estabilidade financeira.<\/p>\n<p>Bradar contra corrup\u00e7\u00e3o e relativizar mordomias a agentes p\u00fablicos \u00e9 o que cria gera\u00e7\u00f5es e gera\u00e7\u00f5es de picaretas que aprendem que &#8220;quando a farinha \u00e9 pouca, meu pir\u00e3o primeiro&#8221;.<\/p>\n<p>E voc\u00ea? De que lado est\u00e1? O que tem feito pra mudar isso? Acredita piamente que apenas &#8220;votar no menos pior&#8221; te exime da culpa compartilhada?<\/p>\n<p>Entre 2013 e 2014 eu assisti os meios de comunica\u00e7\u00e3o repetindo sua j\u00e1 tradicional montagem do tabuleiro eleitoral. As colossais falhas no sistema atual favorecem esse tipo de manipula\u00e7\u00e3o que, aliada a um alarmante \u00edndice de analfabetismo funcional tornam f\u00e1ceis as vidas dos picaretas endinheirados com recursos de grandes empres\u00e1rios.<\/p>\n<p>Aqui estamos&#8230; Eleitores do 45 culpam os eleitores do 13 e vice-versa, em tom nada cortez. Esquerda e direita se degladiam vexatoriamente enquanto retrocedemos em quest\u00f5es b\u00e1sicas. Nesta in\u00e9rcia estatal bilh\u00f5es s\u00e3o sonegados, e dos trilh\u00f5es arrecadados, uma parte expressiva volta pra rentistas e mega-empreendedores \u00e0s custas do sucateamento dos servi\u00e7os p\u00fablicos.<\/p>\n<p>2018 est\u00e1 logo ali.<\/p>\n<p>Hoje \u00e9 mais uma sexta-feira.<\/p>\n","protected":false},"excerpt":{"rendered":"<p>Assista antes de ler:&nbsp;O Gosto da Merenda (Revista Trip) Eu sempre estudei em escola p\u00fablica. Tenho muito orgulho de ter tido os melhores professores que um filho de m\u00e3e solteira, sem grandes posses materiais poderia ter. Diferentemente de muitos colegas com quem estudava nunca precisei verdadeiramente das refei\u00e7\u00f5es que eram servidas que pra muitos seria [&hellip;]<\/p>\n","protected":false},"author":1,"featured_media":0,"comment_status":"open","ping_status":"closed","sticky":false,"template":"","format":"standard","meta":{"_jetpack_memberships_contains_paid_content":false,"footnotes":""},"categories":[18],"tags":[79,22],"class_list":["post-843","post","type-post","status-publish","format-standard","hentry","category-opiniao","tag-corrupcao","tag-politica"],"jetpack_featured_media_url":"","jetpack_sharing_enabled":true,"_links":{"self":[{"href":"https:\/\/michaellourant.com.br\/index.php\/wp-json\/wp\/v2\/posts\/843","targetHints":{"allow":["GET"]}}],"collection":[{"href":"https:\/\/michaellourant.com.br\/index.php\/wp-json\/wp\/v2\/posts"}],"about":[{"href":"https:\/\/michaellourant.com.br\/index.php\/wp-json\/wp\/v2\/types\/post"}],"author":[{"embeddable":true,"href":"https:\/\/michaellourant.com.br\/index.php\/wp-json\/wp\/v2\/users\/1"}],"replies":[{"embeddable":true,"href":"https:\/\/michaellourant.com.br\/index.php\/wp-json\/wp\/v2\/comments?post=843"}],"version-history":[{"count":1,"href":"https:\/\/michaellourant.com.br\/index.php\/wp-json\/wp\/v2\/posts\/843\/revisions"}],"predecessor-version":[{"id":846,"href":"https:\/\/michaellourant.com.br\/index.php\/wp-json\/wp\/v2\/posts\/843\/revisions\/846"}],"wp:attachment":[{"href":"https:\/\/michaellourant.com.br\/index.php\/wp-json\/wp\/v2\/media?parent=843"}],"wp:term":[{"taxonomy":"category","embeddable":true,"href":"https:\/\/michaellourant.com.br\/index.php\/wp-json\/wp\/v2\/categories?post=843"},{"taxonomy":"post_tag","embeddable":true,"href":"https:\/\/michaellourant.com.br\/index.php\/wp-json\/wp\/v2\/tags?post=843"}],"curies":[{"name":"wp","href":"https:\/\/api.w.org\/{rel}","templated":true}]}}