{"id":910,"date":"2018-08-06T01:49:40","date_gmt":"2018-08-06T04:49:40","guid":{"rendered":"http:\/\/www.michaellourant.com.br\/?p=910"},"modified":"2018-08-06T01:49:40","modified_gmt":"2018-08-06T04:49:40","slug":"que-tal-uma-pausa-pra-pensar-sobre-as-eleicoes-de-2018","status":"publish","type":"post","link":"https:\/\/michaellourant.com.br\/index.php\/2018\/08\/06\/que-tal-uma-pausa-pra-pensar-sobre-as-eleicoes-de-2018\/","title":{"rendered":"Que tal uma pausa pra &#8220;pensar&#8221; sobre as Elei\u00e7\u00f5es de 2018"},"content":{"rendered":"<div style=\"width: 418px\" class=\"wp-caption aligncenter\"><img loading=\"lazy\" decoding=\"async\" class=\"\" src=\"https:\/\/www.thinkthevote.com\/wp-content\/themes\/thinkthevote\/images\/ttv_footer.png\" alt=\"Pense o voto\" width=\"408\" height=\"248\" \/><p class=\"wp-caption-text\">Pensar um pouco custa menos do que se imagina!<\/p><\/div>\n<p>Observando atenciosamente a esculhamba\u00e7\u00e3o que j\u00e1 se anuncia em fun\u00e7\u00e3o das campanhas eleitorais algumas constata\u00e7\u00f5es s\u00e3o assustadoras e convido-os a refletir sobre elas:<\/p>\n<ol>\n<li>Nas pr\u00f3ximas elei\u00e7\u00f5es teremos que lidar com o risco de ser eleito um personagem que representa a mediocridade de um segmento da sociedade que foi insuflado nos \u00faltimos 24 anos pela neglig\u00eancia com a qualidade da educa\u00e7\u00e3o e do fomento ao senso cr\u00edtico nos cursos de ensino superior;<\/li>\n<li>Por mais que nos falte a capacidade de admitir, somos parte da gera\u00e7\u00e3o que favoreceu este cen\u00e1rio tolerando o entendimento tacanho de que &#8220;pol\u00edtica, futebol e religi\u00e3o n\u00e3o se discute&#8221; e outras frases alienantes do g\u00eanero. Pol\u00edtica se discute sim e o fato de n\u00e3o termos feito isso de modo respons\u00e1vel fortaleceu a ascens\u00e3o de um personagem nefasto que se sustenta pela robustez do senso comum alimentado com frases de efeito de programas policiais de 5\u00aa categoria na TV aberta.<\/li>\n<li>\u00c9 meio tarde pra tentar ensinar as pessoas sobre as consequ\u00eancias de votos de protesto e afins. Mas n\u00e3o custa nada tentar demonstrar que um voto impensado nestas elei\u00e7\u00f5es pode estender por mais 4 anos a instabilidade que tomou conta do pa\u00eds desde 2014 quando os eleitores colocaram no segundo turno A\u00e9cio Neves e Dilma Rousseff.<\/li>\n<\/ol>\n<p>Procure saber quem s\u00e3o os candidatos, conhe\u00e7a as propostas deles e procure aquele que representa para toda a sociedade perspectivas de solu\u00e7\u00e3o para distor\u00e7\u00f5es hist\u00f3ricas.<\/p>\n<p>Outro dia postei <a href=\"http:\/\/bit.ly\/2M3N2RL\" target=\"_blank\" rel=\"noopener\">aqui <\/a>\u00a0uma lista de alguns dos pr\u00e9-candidatos pra que voc\u00eas pesquisarem sobre e quem sabe participar de rodas de debate entre seus amigos e familiares pra tentarem fechar consenso em torno de uma candidatura que n\u00e3o v\u00e1 nos causar mais problemas do que trazer solu\u00e7\u00f5es a partir de 2019&#8230;<\/p>\n","protected":false},"excerpt":{"rendered":"<p>Observando atenciosamente a esculhamba\u00e7\u00e3o que j\u00e1 se anuncia em fun\u00e7\u00e3o das campanhas eleitorais algumas constata\u00e7\u00f5es s\u00e3o assustadoras e convido-os a refletir sobre elas: Nas pr\u00f3ximas elei\u00e7\u00f5es teremos que lidar com o risco de ser eleito um personagem que representa a mediocridade de um segmento da sociedade que foi insuflado nos \u00faltimos 24 anos pela neglig\u00eancia [&hellip;]<\/p>\n","protected":false},"author":1,"featured_media":0,"comment_status":"open","ping_status":"closed","sticky":false,"template":"","format":"standard","meta":{"_jetpack_memberships_contains_paid_content":false,"footnotes":""},"categories":[18],"tags":[93,22],"class_list":["post-910","post","type-post","status-publish","format-standard","hentry","category-opiniao","tag-eleicoes-2018","tag-politica"],"jetpack_featured_media_url":"","jetpack_sharing_enabled":true,"_links":{"self":[{"href":"https:\/\/michaellourant.com.br\/index.php\/wp-json\/wp\/v2\/posts\/910","targetHints":{"allow":["GET"]}}],"collection":[{"href":"https:\/\/michaellourant.com.br\/index.php\/wp-json\/wp\/v2\/posts"}],"about":[{"href":"https:\/\/michaellourant.com.br\/index.php\/wp-json\/wp\/v2\/types\/post"}],"author":[{"embeddable":true,"href":"https:\/\/michaellourant.com.br\/index.php\/wp-json\/wp\/v2\/users\/1"}],"replies":[{"embeddable":true,"href":"https:\/\/michaellourant.com.br\/index.php\/wp-json\/wp\/v2\/comments?post=910"}],"version-history":[{"count":1,"href":"https:\/\/michaellourant.com.br\/index.php\/wp-json\/wp\/v2\/posts\/910\/revisions"}],"predecessor-version":[{"id":911,"href":"https:\/\/michaellourant.com.br\/index.php\/wp-json\/wp\/v2\/posts\/910\/revisions\/911"}],"wp:attachment":[{"href":"https:\/\/michaellourant.com.br\/index.php\/wp-json\/wp\/v2\/media?parent=910"}],"wp:term":[{"taxonomy":"category","embeddable":true,"href":"https:\/\/michaellourant.com.br\/index.php\/wp-json\/wp\/v2\/categories?post=910"},{"taxonomy":"post_tag","embeddable":true,"href":"https:\/\/michaellourant.com.br\/index.php\/wp-json\/wp\/v2\/tags?post=910"}],"curies":[{"name":"wp","href":"https:\/\/api.w.org\/{rel}","templated":true}]}}