{"id":933,"date":"2018-10-02T21:27:16","date_gmt":"2018-10-03T00:27:16","guid":{"rendered":"https:\/\/www.michaellourant.com.br\/?p=933"},"modified":"2018-10-03T23:48:43","modified_gmt":"2018-10-04T02:48:43","slug":"respeitaveis-compatriotas-votem-comigo-no-3o-ou-ferias-pro-discurso-de-odio","status":"publish","type":"post","link":"https:\/\/michaellourant.com.br\/index.php\/2018\/10\/02\/respeitaveis-compatriotas-votem-comigo-no-3o-ou-ferias-pro-discurso-de-odio\/","title":{"rendered":"Respeit\u00e1veis Compatriotas, Votem Comigo no 3\u00ba! OU \u201cF\u00e9rias pro discurso de \u00f3dio\u201d"},"content":{"rendered":"<p>Respeit\u00e1veis compatriotas,<\/p>\n<p>Queria n\u00e3o ser for\u00e7ado pelo temor de tempos ainda mais obscuros a escrever isso.<\/p>\n<p>Infelizmente em 2018 n\u00e3o temos candidatos que s\u00e3o capazes de salvarnos de n\u00f3s mesmos e biblicamente \u201csalvar\u201d o pa\u00eds de uma derrocada ainda pior. N\u00e3o tivemos em 1989, 1994, 1998, 2002, 2006, 2010, em 2014 e capaz que nos pr\u00f3ximos 50 anos tamb\u00e9m n\u00e3o teremos.<\/p>\n<p>E isto \u00e9 um fato, n\u00e3o uma opini\u00e3o pessoal eivada de ideologias ou leitura de VEJA!<\/p>\n<figure id=\"attachment_932\" height=\"188\" alt=\"Eleitor Brasileiro por Andre Dahmer\" width=\"591\"><a href=\"https:\/\/instagram.com\/andredahmer\"><img loading=\"lazy\" decoding=\"async\" src=\"https:\/\/www.michaellourant.com.br\/wp-content\/uploads\/2018\/10\/img_2237.jpg\" class=\"wp-image-932 size-full\" height=\"188\" alt=\"Eleitor Brasileiro por Andre Dahmer\" width=\"591\" srcset=\"https:\/\/michaellourant.com.br\/wp-content\/uploads\/2018\/10\/img_2237.jpg 591w, https:\/\/michaellourant.com.br\/wp-content\/uploads\/2018\/10\/img_2237-300x95.jpg 300w\" sizes=\"auto, (max-width: 591px) 100vw, 591px\" \/><\/a>By @andredahmer<\/figure>\n<p>Pelo simples fato de que nossas escolas e Universidades, nossas c\u00e2maras legistativas municipais e estaduais NUNCA, JAMAIS FORMARAM MILAGREIROS E TAMPOUCO CIENTISTAS POL\u00cdTICOS CAPAZES DE APLACAR O DESEJO INFIND\u00c1VEL DE LOCUPLETA\u00c7\u00c3O PESSOAL DO BRASILEIRO.<\/p>\n<p>Dito isto, queria convid\u00e1-los a uma reflex\u00e3o pragm\u00e1tica: nestas elei\u00e7\u00f5es (e nas seguintes), precisamos perseguir candidaturas comprometidas com a solu\u00e7\u00e3o de problemas cujos reflexos ultrapassam gera\u00e7\u00f5es, e cuja solu\u00e7\u00e3o transcende \u00e0s casas legistativas e os curtos mandatos dos pouqu\u00edssimos brasileiros realmente dispostos a fazer a diferen\u00e7a sob a bandeira do altruismo humanit\u00e1rio.<\/p>\n<p>Aceitemos que este perfil raro tem que ser constru\u00eddo ao longo dos anos e que isso precisa come\u00e7ar em algum momento da nossa hist\u00f3ria.<\/p>\n<p>O cen\u00e1rio exposto pelas pesquisas recentes indica que, numa an\u00e1lise s\u00f3bria e desapaixonada, a \u00fanica candidatura que se aproxima das necessidades apontadas ali e com reais chances de N\u00c3O AFUNDAR O PA\u00cdS NUMA PERIGOSA CRISE CIVIL, CULTURAL, ECON\u00d4MICA entre outras \u00e9 o 3\u00ba colocado das pesquisas.<\/p>\n<p>Voc\u00ea pode n\u00e3o gostar do Ciro Gomes por ter acreditado em d\u00e9cadas de difama\u00e7\u00f5es contra ele.<\/p>\n<p>MAS N\u00c3O SE TRATA DE VOC\u00ca! Se trata de mais de 200 milh\u00f5es de brasileiros, a maioria dos quais est\u00e1 t\u00e3o fodido que nem v\u00e3o pensar duas vezes em votar pela pr\u00f3pria sobreviv\u00eancia ante as claras amea\u00e7as que um certo candidato oferece com suas propostas vazias e odiosas.<\/p>\n<p>\u00c9 por isso que o segundo colocado avan\u00e7ou tanto e favorece um cen\u00e1rio j\u00e1 visto em 2014!<\/p>\n<p>Enquanto cortava o cabelo hoje o outro barbeiro da loja disse que \u201cdesde Jesus Cristo, quando o povo tem que decidir eles preferem salvar o ladr\u00e3o!\u201d Nem preciso dizer que se tratava de um eleitor do Jair temendo uma vit\u00f3ria do candidato do PT, cogitando apoiar uma candidatura que \u201cretire do povo o poder de fazer merda\u201d (SIC).<\/p>\n<p>Pensem com algum senso de responsabilidade e #VotaComigo no #Ciro12 e vamos construir juntos entre 2019 e 2022 condi\u00e7\u00f5es pra que o debate pol\u00edtico no Brasil saia da 5\u00aa s\u00e9rie fundamental e avance gradativamente pra que tornemos o Brasil um pa\u00eds mais hospitaleiro, inclusivo, socialmente respons\u00e1vel, ambientalmente sustent\u00e1vel, economicamente forte e vi\u00e1vel&#8230;<\/p>\n<p>Vota comigo pra dar umas longas f\u00e9rias pro protagonismo perigoso dos discursos de \u00f3dio que ganharam terreno e pode enfiar o pa\u00eds em uma escurid\u00e3o de ideias.<\/p>\n<p>Aos amantes do PT, vem comigo! Votem no 3\u00ba!<\/p>\n<p>Aos votantes Em Branco ou Nulo, vem comigo! Votem no 3\u00ba!<\/p>\n<p>4 anos s\u00e3o uma eternidade pra quem vive em condi\u00e7\u00f5es extremas enquanto exercemos nossas paix\u00f5es nas urnas&#8230;<\/p>\n<p>Se voc\u00ea leu at\u00e9 aqui, obrigado e desculpa se n\u00e3o fui claro!<\/p>\n<p>__<\/p>\n<p>Michael Lourant \u2014 sentindo-se apreensivo a 6 dias da 13\u00aa elei\u00e7\u00e3o majorit\u00e1ria desde a redemocratiza\u00e7\u00e3o da Rep\u00fablica Federativa do Brasil.<\/p>\n","protected":false},"excerpt":{"rendered":"<p>Respeit\u00e1veis compatriotas, Queria n\u00e3o ser for\u00e7ado pelo temor de tempos ainda mais obscuros a escrever isso. Infelizmente em 2018 n\u00e3o temos candidatos que s\u00e3o capazes de salvarnos de n\u00f3s mesmos e biblicamente \u201csalvar\u201d o pa\u00eds de uma derrocada ainda pior. N\u00e3o tivemos em 1989, 1994, 1998, 2002, 2006, 2010, em 2014 e capaz que nos [&hellip;]<\/p>\n","protected":false},"author":1,"featured_media":0,"comment_status":"open","ping_status":"closed","sticky":false,"template":"","format":"standard","meta":{"_jetpack_memberships_contains_paid_content":false,"footnotes":""},"categories":[18],"tags":[87,93,22,11],"class_list":["post-933","post","type-post","status-publish","format-standard","hentry","category-opiniao","tag-dignidade-da-pessoa-humana","tag-eleicoes-2018","tag-politica","tag-relacoes"],"jetpack_featured_media_url":"","jetpack_sharing_enabled":true,"_links":{"self":[{"href":"https:\/\/michaellourant.com.br\/index.php\/wp-json\/wp\/v2\/posts\/933","targetHints":{"allow":["GET"]}}],"collection":[{"href":"https:\/\/michaellourant.com.br\/index.php\/wp-json\/wp\/v2\/posts"}],"about":[{"href":"https:\/\/michaellourant.com.br\/index.php\/wp-json\/wp\/v2\/types\/post"}],"author":[{"embeddable":true,"href":"https:\/\/michaellourant.com.br\/index.php\/wp-json\/wp\/v2\/users\/1"}],"replies":[{"embeddable":true,"href":"https:\/\/michaellourant.com.br\/index.php\/wp-json\/wp\/v2\/comments?post=933"}],"version-history":[{"count":2,"href":"https:\/\/michaellourant.com.br\/index.php\/wp-json\/wp\/v2\/posts\/933\/revisions"}],"predecessor-version":[{"id":935,"href":"https:\/\/michaellourant.com.br\/index.php\/wp-json\/wp\/v2\/posts\/933\/revisions\/935"}],"wp:attachment":[{"href":"https:\/\/michaellourant.com.br\/index.php\/wp-json\/wp\/v2\/media?parent=933"}],"wp:term":[{"taxonomy":"category","embeddable":true,"href":"https:\/\/michaellourant.com.br\/index.php\/wp-json\/wp\/v2\/categories?post=933"},{"taxonomy":"post_tag","embeddable":true,"href":"https:\/\/michaellourant.com.br\/index.php\/wp-json\/wp\/v2\/tags?post=933"}],"curies":[{"name":"wp","href":"https:\/\/api.w.org\/{rel}","templated":true}]}}